{"id":2767,"date":"2026-08-22T12:40:58","date_gmt":"2026-08-22T10:40:58","guid":{"rendered":"https:\/\/studiosalach.sbs\/?p=2767"},"modified":"2026-08-22T12:42:59","modified_gmt":"2026-08-22T10:42:59","slug":"sesja-biznesowa-cena-ile-kosztuje-i-od-czego-zalezy-koszt","status":"publish","type":"post","link":"https:\/\/studiosalach.sbs\/en\/sesja-biznesowa-cena-ile-kosztuje-i-od-czego-zalezy-koszt\/","title":{"rendered":"Sesja biznesowa cena &#8211; ile kosztuje i od czego zale\u017cy koszt?"},"content":{"rendered":"\n\t\t<div id=\"fws_6a9dad170b772\"  data-column-margin=\"default\" data-midnight=\"dark\"  class=\"wpb_row vc_row-fluid vc_row full-width-content vc_row-o-equal-height vc_row-flex vc_row-o-content-middle  reverse_columns_column_phone\"  style=\"padding-top: 0px; padding-bottom: 0px; \"><div class=\"row-bg-wrap\" data-bg-animation=\"none\" data-bg-animation-delay=\"\" data-bg-overlay=\"false\"><div class=\"inner-wrap row-bg-layer\" ><div class=\"row-bg viewport-desktop using-bg-color\"  style=\"background-color: #ffffff; \"><\/div><\/div><\/div><div class=\"row_col_wrap_12 col span_12 dark left\">\n\t<div style=\"\" class=\"vc_col-sm-6 wpb_column column_container vc_column_container col no-extra-padding inherit_tablet inherit_phone \" data-using-bg=\"true\" data-bg-cover=\"true\" data-padding-pos=\"all\" data-has-bg-color=\"false\" data-bg-color=\"\" data-bg-opacity=\"1\" data-animation=\"\" data-delay=\"0\" >\n\t\t<div class=\"vc_column-inner\" ><div class=\"column-image-bg-wrap column-bg-layer viewport-desktop\" data-bg-pos=\"center center\" data-bg-animation=\"zoom-out\" data-bg-overlay=\"false\"><div class=\"inner-wrap\"><div class=\"column-image-bg\" style=\" background-image: url('https:\/\/studiosalach.sbs\/wp-content\/uploads\/2025\/10\/fotografia_wizerunkowa_4.webp'); \"><\/div><\/div><\/div>\n\t\t\t<div class=\"wpb_wrapper\">\n\t\t\t\t<div class=\"divider-wrap height_tablet_600px height_phone_500px \" data-alignment=\"default\"><div style=\"height: 25px;\" class=\"divider\"><\/div><\/div>\n\t\t\t<\/div> \n\t\t<\/div>\n\t<\/div> \n\n\t<div style=\"margin-top: 90px; margin-bottom: 90px; z-index: 100; \" class=\"vc_col-sm-6 wpb_column column_container vc_column_container col no-extra-padding top_margin_phone_30px bottom_margin_phone_30px right_margin_phone_25px left_margin_phone_25px inherit_tablet inherit_phone translate_x_phone_0px \"  data-padding-pos=\"top-bottom\" data-has-bg-color=\"false\" data-bg-color=\"\" data-bg-opacity=\"1\" data-animation=\"\" data-delay=\"0\" >\n\t\t<div class=\"vc_column-inner\" style=\"transform:  translateX(20px);\">\n\t\t\t<div class=\"wpb_wrapper\">\n\t\t\t\t<div id=\"fws_6a9dad170c536\" data-midnight=\"\" data-column-margin=\"default\" class=\"wpb_row vc_row-fluid vc_row inner_row\"  style=\"\"><div class=\"row-bg-wrap\"> <div class=\"row-bg\" ><\/div> <\/div><div class=\"row_col_wrap_12_inner col span_12  left\">\n\t<div style=\"margin-top: 40px; \" class=\"vc_col-sm-12 wpb_column column_container vc_column_container col child_column no-extra-padding top_margin_tablet_0px top_margin_phone_0px inherit_tablet inherit_phone \"   data-padding-pos=\"all\" data-has-bg-color=\"false\" data-bg-color=\"\" data-bg-opacity=\"1\" data-animation=\"\" data-delay=\"0\" >\n\t\t<div class=\"vc_column-inner\" >\n\t\t<div class=\"wpb_wrapper\">\n\t\t\t\n<div class=\"wpb_text_column wpb_content_element  vc_custom_1787394495451\" >\n\t<div class=\"wpb_wrapper\">\n\t\t<p class=\"isSelectedEnd\">Planujesz od\u015bwie\u017cenie swojego wizerunku zawodowego albo szukasz fotografa dla swojego zespo\u0142u? Zastanawiasz si\u0119, ile kosztuje profesjonalna sesja zdj\u0119ciowa? Wpisuj\u0105c w wyszukiwark\u0119 has\u0142a takie jak <strong>sesja biznesowa cena<\/strong>, <strong>fotografia biznesowa cena<\/strong> czy <strong>sesja wizerunkowa cena<\/strong>, szybko zauwa\u017cysz, \u017ce oferty fotograf\u00f3w mog\u0105 znacz\u0105co si\u0119 r\u00f3\u017cni\u0107.<\/p>\n<p>Sk\u0105d wynikaj\u0105 te r\u00f3\u017cnice? Na ostateczny koszt wp\u0142ywa nie tylko czas sp\u0119dzony przed aparatem, ale r\u00f3wnie\u017c miejsce sesji, liczba zdj\u0119\u0107, zakres retuszu, do\u015bwiadczenie fotografa oraz spos\u00f3b wykorzystania gotowych fotografii.<\/p>\n\t<\/div>\n<\/div>\n\n\n\n\n\t\t<\/div> \n\t<\/div>\n\t<\/div> \n<\/div><\/div>\n\t\t\t<\/div> \n\t\t<\/div>\n\t<\/div> \n<\/div><\/div>\n\t\t<div id=\"fws_6a9dad170d06a\"  data-column-margin=\"default\" data-midnight=\"dark\"  class=\"wpb_row vc_row-fluid vc_row full-width-content vc_row-o-equal-height vc_row-flex vc_row-o-content-middle  reverse_columns_column_tablet reverse_columns_row_phone\"  style=\"padding-top: 90px; padding-bottom: 0px; \"><div class=\"row-bg-wrap\" data-bg-animation=\"none\" data-bg-animation-delay=\"\" data-bg-overlay=\"false\"><div class=\"inner-wrap row-bg-layer\" ><div class=\"row-bg viewport-desktop using-bg-color\"  style=\"background-color: #ffffff; \"><\/div><\/div><\/div><div class=\"row_col_wrap_12 col span_12 dark left\">\n\t<div style=\"margin-top: 90px; margin-bottom: 90px; z-index: 100; \" class=\"vc_col-sm-6 wpb_column column_container vc_column_container col no-extra-padding top_margin_phone_30px bottom_margin_phone_30px right_margin_phone_25px left_margin_tablet_25px left_margin_phone_25px inherit_tablet inherit_phone translate_x_tablet_0px translate_x_phone_0px \"  data-padding-pos=\"top-bottom\" data-has-bg-color=\"false\" data-bg-color=\"\" data-bg-opacity=\"1\" data-animation=\"\" data-delay=\"0\" >\n\t\t<div class=\"vc_column-inner\" style=\"transform:  translateX(30px);\">\n\t\t\t<div class=\"wpb_wrapper\">\n\t\t\t\t<div id=\"fws_6a9dad170d5d3\" data-midnight=\"\" data-column-margin=\"default\" class=\"wpb_row vc_row-fluid vc_row inner_row  min_width_desktop_120pct translate_x_15pct translate_x_tablet_0pct translate_x_phone_0pct min_width_tablet_0px\"  style=\"\"><div class=\"row-bg-wrap\"> <div class=\"row-bg\" ><\/div> <\/div><div class=\"row_col_wrap_12_inner col span_12  left\">\n\t<div style=\"\" class=\"vc_col-sm-12 wpb_column column_container vc_column_container col child_column padding-3-percent no-extra-padding_tablet no-extra-padding_phone \"  data-using-bg=\"true\" data-padding-pos=\"all\" data-has-bg-color=\"true\" data-bg-color=\"#FFFFFF\" data-bg-opacity=\"1\" data-animation=\"\" data-delay=\"0\" >\n\t\t<div class=\"vc_column-inner\" ><div class=\"column-bg-overlay-wrap column-bg-layer\" data-bg-animation=\"none\"><div class=\"column-bg-overlay\" style=\"opacity: 1; background-color: #FFFFFF;\"><\/div><\/div>\n\t\t<div class=\"wpb_wrapper\">\n\t\t\t<div class=\"nectar-highlighted-text font_size_7vh font_size_tablet_28px \" data-style=\"half_text\" data-exp=\"default\" data-using-custom-color=\"true\" data-animation-delay=\"false\" data-color=\"#ff6b30\" data-color-gradient=\"rgba(255,107,48,0.01)\" style=\"\"><h2>Od czego zale\u017cy cena sesji biznesowej?<\/h2>\n<\/div>\n\t\t<\/div> \n\t<\/div>\n\t<\/div> \n<\/div><\/div><div id=\"fws_6a9dad170dd7e\" data-midnight=\"\" data-column-margin=\"default\" class=\"wpb_row vc_row-fluid vc_row inner_row\"  style=\"\"><div class=\"row-bg-wrap\"> <div class=\"row-bg\" ><\/div> <\/div><div class=\"row_col_wrap_12_inner col span_12  left\">\n\t<div style=\"margin-top: 40px; \" class=\"vc_col-sm-12 wpb_column column_container vc_column_container col child_column no-extra-padding top_margin_tablet_0px top_margin_phone_0px inherit_tablet inherit_phone \"   data-padding-pos=\"all\" data-has-bg-color=\"false\" data-bg-color=\"\" data-bg-opacity=\"1\" data-animation=\"\" data-delay=\"0\" >\n\t\t<div class=\"vc_column-inner\" >\n\t\t<div class=\"wpb_wrapper\">\n\t\t\t\n<div class=\"wpb_text_column wpb_content_element  vc_custom_1787394619113\" >\n\t<div class=\"wpb_wrapper\">\n\t\t<p>Nie ma jednej uniwersalnej ceny, kt\u00f3ra obowi\u0105zuje przy ka\u017cdej sesji. Inaczej wyceniana b\u0119dzie kr\u00f3tka <strong>sesja wizerunkowa<\/strong> dla jednej osoby, a inaczej profesjonalna <strong>fotografia biznesowa<\/strong> ca\u0142ego zespo\u0142u realizowana w siedzibie firmy.<\/p>\n\t<\/div>\n<\/div>\n\n\n\n\n\t\t<\/div> \n\t<\/div>\n\t<\/div> \n<\/div><\/div>\n\t\t\t<\/div> \n\t\t<\/div>\n\t<\/div> \n\n\t<div style=\"\" class=\"vc_col-sm-6 wpb_column column_container vc_column_container col no-extra-padding inherit_tablet inherit_phone \" data-using-bg=\"true\" data-bg-cover=\"true\" data-padding-pos=\"all\" data-has-bg-color=\"false\" data-bg-color=\"\" data-bg-opacity=\"1\" data-animation=\"\" data-delay=\"0\" >\n\t\t<div class=\"vc_column-inner\" ><div class=\"column-image-bg-wrap column-bg-layer viewport-desktop\" data-bg-pos=\"center center\" data-bg-animation=\"zoom-out\" data-bg-overlay=\"false\"><div class=\"inner-wrap\"><div class=\"column-image-bg\" style=\" background-image: url('https:\/\/studiosalach.sbs\/wp-content\/uploads\/2025\/10\/fotografia_wizerunkowa_12.webp'); \"><\/div><\/div><\/div>\n\t\t\t<div class=\"wpb_wrapper\">\n\t\t\t\t<div class=\"divider-wrap height_tablet_600px height_phone_500px \" data-alignment=\"default\"><div style=\"height: 25px;\" class=\"divider\"><\/div><\/div>\n\t\t\t<\/div> \n\t\t<\/div>\n\t<\/div> \n<\/div><\/div>\n\t\t<div id=\"fws_6a9dad170ea06\"  data-column-margin=\"default\" data-midnight=\"dark\"  class=\"wpb_row vc_row-fluid vc_row full-width-content vc_row-o-equal-height vc_row-flex vc_row-o-content-middle  reverse_columns_column_phone\"  style=\"padding-top: 0px; padding-bottom: 0px; \"><div class=\"row-bg-wrap\" data-bg-animation=\"none\" data-bg-animation-delay=\"\" data-bg-overlay=\"false\"><div class=\"inner-wrap row-bg-layer\" ><div class=\"row-bg viewport-desktop using-bg-color\"  style=\"background-color: #ffffff; \"><\/div><\/div><\/div><div class=\"row_col_wrap_12 col span_12 dark left\">\n\t<div style=\"\" class=\"vc_col-sm-6 wpb_column column_container vc_column_container col no-extra-padding inherit_tablet inherit_phone \" data-using-bg=\"true\" data-bg-cover=\"true\" data-padding-pos=\"all\" data-has-bg-color=\"false\" data-bg-color=\"\" data-bg-opacity=\"1\" data-animation=\"\" data-delay=\"0\" >\n\t\t<div class=\"vc_column-inner\" ><div class=\"column-image-bg-wrap column-bg-layer viewport-desktop\" data-bg-pos=\"center center\" data-bg-animation=\"zoom-out\" data-bg-overlay=\"false\"><div class=\"inner-wrap\"><div class=\"column-image-bg\" style=\" background-image: url('https:\/\/studiosalach.sbs\/wp-content\/uploads\/2025\/10\/fotografia_wizerunkowa_7.webp'); \"><\/div><\/div><\/div>\n\t\t\t<div class=\"wpb_wrapper\">\n\t\t\t\t<div class=\"divider-wrap height_tablet_600px height_phone_500px \" data-alignment=\"default\"><div style=\"height: 25px;\" class=\"divider\"><\/div><\/div>\n\t\t\t<\/div> \n\t\t<\/div>\n\t<\/div> \n\n\t<div style=\"margin-top: 90px; margin-bottom: 90px; z-index: 100; \" class=\"vc_col-sm-6 wpb_column column_container vc_column_container col no-extra-padding top_margin_phone_30px bottom_margin_phone_30px right_margin_phone_25px left_margin_tablet_25px left_margin_phone_25px inherit_tablet inherit_phone translate_x_tablet_0px translate_x_phone_0px \"  data-padding-pos=\"top-bottom\" data-has-bg-color=\"false\" data-bg-color=\"\" data-bg-opacity=\"1\" data-animation=\"\" data-delay=\"0\" >\n\t\t<div class=\"vc_column-inner\" style=\"transform:  translateX(30px);\">\n\t\t\t<div class=\"wpb_wrapper\">\n\t\t\t\t<div id=\"fws_6a9dad170f3a4\" data-midnight=\"\" data-column-margin=\"default\" class=\"wpb_row vc_row-fluid vc_row inner_row  min_width_desktop_120pct translate_x_-35pct translate_x_tablet_0pct translate_x_phone_0pct min_width_tablet_0px\"  style=\"\"><div class=\"row-bg-wrap\"> <div class=\"row-bg\" ><\/div> <\/div><div class=\"row_col_wrap_12_inner col span_12  left\">\n\t<div style=\"\" class=\"vc_col-sm-12 wpb_column column_container vc_column_container col child_column padding-3-percent no-extra-padding_tablet no-extra-padding_phone \"  data-using-bg=\"true\" data-padding-pos=\"all\" data-has-bg-color=\"true\" data-bg-color=\"#FFFFFF\" data-bg-opacity=\"1\" data-animation=\"\" data-delay=\"0\" >\n\t\t<div class=\"vc_column-inner\" ><div class=\"column-bg-overlay-wrap column-bg-layer\" data-bg-animation=\"none\"><div class=\"column-bg-overlay\" style=\"opacity: 1; background-color: #FFFFFF;\"><\/div><\/div>\n\t\t<div class=\"wpb_wrapper\">\n\t\t\t<div class=\"nectar-highlighted-text font_size_7vh font_size_tablet_28px \" data-style=\"half_text\" data-exp=\"default\" data-using-custom-color=\"true\" data-animation-delay=\"false\" data-color=\"#ff6b30\" data-color-gradient=\"rgba(255,107,48,0.01)\" style=\"\"><h2>Liczba os\u00f3b i czas trwania sesji<\/h2>\n<\/div>\n\t\t<\/div> \n\t<\/div>\n\t<\/div> \n<\/div><\/div><div id=\"fws_6a9dad170fa57\" data-midnight=\"\" data-column-margin=\"default\" class=\"wpb_row vc_row-fluid vc_row inner_row\"  style=\"\"><div class=\"row-bg-wrap\"> <div class=\"row-bg\" ><\/div> <\/div><div class=\"row_col_wrap_12_inner col span_12  left\">\n\t<div style=\"margin-top: 40px; \" class=\"vc_col-sm-12 wpb_column column_container vc_column_container col child_column no-extra-padding top_margin_tablet_0px top_margin_phone_0px inherit_tablet inherit_phone \"   data-padding-pos=\"all\" data-has-bg-color=\"false\" data-bg-color=\"\" data-bg-opacity=\"1\" data-animation=\"\" data-delay=\"0\" >\n\t\t<div class=\"vc_column-inner\" >\n\t\t<div class=\"wpb_wrapper\">\n\t\t\t\n<div class=\"wpb_text_column wpb_content_element  vc_custom_1787394666801\" >\n\t<div class=\"wpb_wrapper\">\n\t\t<p class=\"isSelectedEnd\">Jednym z najwa\u017cniejszych czynnik\u00f3w wp\u0142ywaj\u0105cych na cen\u0119 jest liczba fotografowanych os\u00f3b.<\/p>\n<p class=\"isSelectedEnd\">W przypadku indywidualnej <strong>sesji biznesowej<\/strong> standardem mo\u017ce by\u0107 oko\u0142o 60 minut pracy fotografa. Taki czas pozwala przygotowa\u0107 r\u00f3\u017cne uj\u0119cia, zmieni\u0107 stylizacj\u0119 i spokojnie dopracowa\u0107 pozy.<\/p>\n<p>Przy wi\u0119kszych zespo\u0142ach czas realizacji odpowiednio si\u0119 wyd\u0142u\u017ca. Fotograf musi r\u00f3wnie\u017c zadba\u0107 o sprawn\u0105 organizacj\u0119 ca\u0142ej sesji, dlatego <strong>fotografia biznesowa<\/strong> dla firm jest cz\u0119sto wyceniana na podstawie liczby os\u00f3b, czasu pracy lub indywidualnego pakietu.<\/p>\n\t<\/div>\n<\/div>\n\n\n\n\n\t\t<\/div> \n\t<\/div>\n\t<\/div> \n<\/div><\/div>\n\t\t\t<\/div> \n\t\t<\/div>\n\t<\/div> \n<\/div><\/div>\n\t\t<div id=\"fws_6a9dad171025f\"  data-column-margin=\"default\" data-midnight=\"dark\"  class=\"wpb_row vc_row-fluid vc_row full-width-content vc_row-o-equal-height vc_row-flex vc_row-o-content-middle  reverse_columns_column_tablet reverse_columns_row_phone\"  style=\"padding-top: 0px; padding-bottom: 0px; \"><div class=\"row-bg-wrap\" data-bg-animation=\"none\" data-bg-animation-delay=\"\" data-bg-overlay=\"false\"><div class=\"inner-wrap row-bg-layer\" ><div class=\"row-bg viewport-desktop using-bg-color\"  style=\"background-color: #ffffff; \"><\/div><\/div><\/div><div class=\"row_col_wrap_12 col span_12 dark left\">\n\t<div style=\"margin-top: 90px; margin-bottom: 90px; z-index: 100; \" class=\"vc_col-sm-6 wpb_column column_container vc_column_container col no-extra-padding top_margin_phone_30px bottom_margin_phone_30px right_margin_phone_25px left_margin_tablet_25px left_margin_phone_25px inherit_tablet inherit_phone translate_x_tablet_0px translate_x_phone_0px \"  data-padding-pos=\"top-bottom\" data-has-bg-color=\"false\" data-bg-color=\"\" data-bg-opacity=\"1\" data-animation=\"\" data-delay=\"0\" >\n\t\t<div class=\"vc_column-inner\" style=\"transform:  translateX(30px);\">\n\t\t\t<div class=\"wpb_wrapper\">\n\t\t\t\t<div id=\"fws_6a9dad17107eb\" data-midnight=\"\" data-column-margin=\"default\" class=\"wpb_row vc_row-fluid vc_row inner_row  min_width_desktop_120pct translate_x_15pct translate_x_tablet_0pct translate_x_phone_0pct min_width_tablet_0px\"  style=\"\"><div class=\"row-bg-wrap\"> <div class=\"row-bg\" ><\/div> <\/div><div class=\"row_col_wrap_12_inner col span_12  left\">\n\t<div style=\"\" class=\"vc_col-sm-12 wpb_column column_container vc_column_container col child_column padding-3-percent no-extra-padding_tablet no-extra-padding_phone \"  data-using-bg=\"true\" data-padding-pos=\"all\" data-has-bg-color=\"true\" data-bg-color=\"#FFFFFF\" data-bg-opacity=\"1\" data-animation=\"\" data-delay=\"0\" >\n\t\t<div class=\"vc_column-inner\" ><div class=\"column-bg-overlay-wrap column-bg-layer\" data-bg-animation=\"none\"><div class=\"column-bg-overlay\" style=\"opacity: 1; background-color: #FFFFFF;\"><\/div><\/div>\n\t\t<div class=\"wpb_wrapper\">\n\t\t\t<div class=\"nectar-highlighted-text font_size_7vh font_size_tablet_28px \" data-style=\"half_text\" data-exp=\"default\" data-using-custom-color=\"true\" data-animation-delay=\"false\" data-color=\"#ff6b30\" data-color-gradient=\"rgba(255,107,48,0.01)\" style=\"\"><h2>Studio, biuro czy plener?<\/h2>\n<\/div>\n\t\t<\/div> \n\t<\/div>\n\t<\/div> \n<\/div><\/div><div id=\"fws_6a9dad1710e98\" data-midnight=\"\" data-column-margin=\"default\" class=\"wpb_row vc_row-fluid vc_row inner_row\"  style=\"\"><div class=\"row-bg-wrap\"> <div class=\"row-bg\" ><\/div> <\/div><div class=\"row_col_wrap_12_inner col span_12  left\">\n\t<div style=\"margin-top: 40px; \" class=\"vc_col-sm-12 wpb_column column_container vc_column_container col child_column no-extra-padding top_margin_tablet_0px top_margin_phone_0px inherit_tablet inherit_phone \"   data-padding-pos=\"all\" data-has-bg-color=\"false\" data-bg-color=\"\" data-bg-opacity=\"1\" data-animation=\"\" data-delay=\"0\" >\n\t\t<div class=\"vc_column-inner\" >\n\t\t<div class=\"wpb_wrapper\">\n\t\t\t\n<div class=\"wpb_text_column wpb_content_element  vc_custom_1787394710161\" >\n\t<div class=\"wpb_wrapper\">\n\t\t<p class=\"isSelectedEnd\">Miejsce wykonania zdj\u0119\u0107 r\u00f3wnie\u017c ma wp\u0142yw na ko\u0144cow\u0105 cen\u0119.<\/p>\n<p class=\"isSelectedEnd\"><strong>Sesja wizerunkowa w profesjonalnym studio<\/strong> pozwala korzysta\u0107 z przygotowanego wcze\u015bniej o\u015bwietlenia, te\u0142 i odpowiedniej przestrzeni. W przypadku realizacji w studio fotografa cz\u0119\u015b\u0107 koszt\u00f3w zwi\u0105zanych z przygotowaniem planu jest ju\u017c uwzgl\u0119dniona w cenie us\u0142ugi.<\/p>\n<p class=\"isSelectedEnd\">Inaczej wygl\u0105da sytuacja, gdy fotograf przyje\u017cd\u017ca do firmy. Konieczny mo\u017ce by\u0107 transport aparatury, o\u015bwietlenia, te\u0142 oraz dodatkowego wyposa\u017cenia. Dochodzi r\u00f3wnie\u017c czas potrzebny na dojazd, rozstawienie sprz\u0119tu i przygotowanie miejsca do zdj\u0119\u0107.<\/p>\n<p>Dlatego przed wyborem oferty warto sprawdzi\u0107, czy podana <strong>sesja biznesowa cena<\/strong> obejmuje dojazd oraz przygotowanie mobilnego studia.<\/p>\n\t<\/div>\n<\/div>\n\n\n\n<a class=\"nectar-button large regular accent-color  regular-button\"  role=\"button\" style=\"\" target=\"_blank\" href=\"https:\/\/studiosalach.sbs\/zdjecia-wizerunkowe\/\" data-color-override=\"false\" data-hover-color-override=\"false\" data-hover-text-color-override=\"#fff\"><span>Galeria zdj\u0119\u0107 biznesowych<\/span><\/a>\n\t\t<\/div> \n\t<\/div>\n\t<\/div> \n<\/div><\/div>\n\t\t\t<\/div> \n\t\t<\/div>\n\t<\/div> \n\n\t<div style=\"\" class=\"vc_col-sm-6 wpb_column column_container vc_column_container col no-extra-padding inherit_tablet inherit_phone \" data-using-bg=\"true\" data-bg-cover=\"true\" data-padding-pos=\"all\" data-has-bg-color=\"false\" data-bg-color=\"\" data-bg-opacity=\"1\" data-animation=\"\" data-delay=\"0\" >\n\t\t<div class=\"vc_column-inner\" ><div class=\"column-image-bg-wrap column-bg-layer viewport-desktop\" data-bg-pos=\"center center\" data-bg-animation=\"zoom-out\" data-bg-overlay=\"false\"><div class=\"inner-wrap\"><div class=\"column-image-bg\" style=\" background-image: url('https:\/\/studiosalach.sbs\/wp-content\/uploads\/2025\/10\/fotografia_wizerunkowa_14.webp'); \"><\/div><\/div><\/div>\n\t\t\t<div class=\"wpb_wrapper\">\n\t\t\t\t<div class=\"divider-wrap height_tablet_600px height_phone_500px \" data-alignment=\"default\"><div style=\"height: 25px;\" class=\"divider\"><\/div><\/div>\n\t\t\t<\/div> \n\t\t<\/div>\n\t<\/div> \n<\/div><\/div>\n\t\t<div id=\"fws_6a9dad1711e2f\"  data-column-margin=\"default\" data-midnight=\"dark\"  class=\"wpb_row vc_row-fluid vc_row full-width-content vc_row-o-equal-height vc_row-flex vc_row-o-content-middle  reverse_columns_column_phone\"  style=\"padding-top: 0px; padding-bottom: 0px; \"><div class=\"row-bg-wrap\" data-bg-animation=\"none\" data-bg-animation-delay=\"\" data-bg-overlay=\"false\"><div class=\"inner-wrap row-bg-layer\" ><div class=\"row-bg viewport-desktop using-bg-color\"  style=\"background-color: #ffffff; \"><\/div><\/div><\/div><div class=\"row_col_wrap_12 col span_12 dark left\">\n\t<div style=\"\" class=\"vc_col-sm-6 wpb_column column_container vc_column_container col no-extra-padding inherit_tablet inherit_phone \" data-using-bg=\"true\" data-bg-cover=\"true\" data-padding-pos=\"all\" data-has-bg-color=\"false\" data-bg-color=\"\" data-bg-opacity=\"1\" data-animation=\"\" data-delay=\"0\" >\n\t\t<div class=\"vc_column-inner\" ><div class=\"column-image-bg-wrap column-bg-layer viewport-desktop\" data-bg-pos=\"center center\" data-bg-animation=\"zoom-out\" data-bg-overlay=\"false\"><div class=\"inner-wrap\"><div class=\"column-image-bg\" style=\" background-image: url('https:\/\/studiosalach.sbs\/wp-content\/uploads\/2025\/10\/fotografia_wizerunkowa_3-scaled.webp'); \"><\/div><\/div><\/div>\n\t\t\t<div class=\"wpb_wrapper\">\n\t\t\t\t<div class=\"divider-wrap height_tablet_600px height_phone_500px \" data-alignment=\"default\"><div style=\"height: 25px;\" class=\"divider\"><\/div><\/div>\n\t\t\t<\/div> \n\t\t<\/div>\n\t<\/div> \n\n\t<div style=\"margin-top: 90px; margin-bottom: 90px; z-index: 100; \" class=\"vc_col-sm-6 wpb_column column_container vc_column_container col no-extra-padding top_margin_phone_30px bottom_margin_phone_30px right_margin_phone_25px left_margin_tablet_25px left_margin_phone_25px inherit_tablet inherit_phone translate_x_tablet_0px translate_x_phone_0px \"  data-padding-pos=\"top-bottom\" data-has-bg-color=\"false\" data-bg-color=\"\" data-bg-opacity=\"1\" data-animation=\"\" data-delay=\"0\" >\n\t\t<div class=\"vc_column-inner\" style=\"transform:  translateX(30px);\">\n\t\t\t<div class=\"wpb_wrapper\">\n\t\t\t\t<div id=\"fws_6a9dad17127bf\" data-midnight=\"\" data-column-margin=\"default\" class=\"wpb_row vc_row-fluid vc_row inner_row  min_width_desktop_120pct translate_x_-35pct translate_x_tablet_0pct translate_x_phone_0pct min_width_tablet_0px\"  style=\"\"><div class=\"row-bg-wrap\"> <div class=\"row-bg\" ><\/div> <\/div><div class=\"row_col_wrap_12_inner col span_12  left\">\n\t<div style=\"\" class=\"vc_col-sm-12 wpb_column column_container vc_column_container col child_column padding-3-percent no-extra-padding_tablet no-extra-padding_phone \"  data-using-bg=\"true\" data-padding-pos=\"all\" data-has-bg-color=\"true\" data-bg-color=\"#FFFFFF\" data-bg-opacity=\"1\" data-animation=\"\" data-delay=\"0\" >\n\t\t<div class=\"vc_column-inner\" ><div class=\"column-bg-overlay-wrap column-bg-layer\" data-bg-animation=\"none\"><div class=\"column-bg-overlay\" style=\"opacity: 1; background-color: #FFFFFF;\"><\/div><\/div>\n\t\t<div class=\"wpb_wrapper\">\n\t\t\t<div class=\"nectar-highlighted-text font_size_7vh font_size_tablet_28px \" data-style=\"half_text\" data-exp=\"default\" data-using-custom-color=\"true\" data-animation-delay=\"false\" data-color=\"#ff6b30\" data-color-gradient=\"rgba(255,107,48,0.01)\" style=\"\"><h2>Liczba zdj\u0119\u0107 i zakres retuszu<\/h2>\n<\/div>\n\t\t<\/div> \n\t<\/div>\n\t<\/div> \n<\/div><\/div><div id=\"fws_6a9dad1712e61\" data-midnight=\"\" data-column-margin=\"default\" class=\"wpb_row vc_row-fluid vc_row inner_row\"  style=\"\"><div class=\"row-bg-wrap\"> <div class=\"row-bg\" ><\/div> <\/div><div class=\"row_col_wrap_12_inner col span_12  left\">\n\t<div style=\"margin-top: 40px; \" class=\"vc_col-sm-12 wpb_column column_container vc_column_container col child_column no-extra-padding top_margin_tablet_0px top_margin_phone_0px inherit_tablet inherit_phone \"   data-padding-pos=\"all\" data-has-bg-color=\"false\" data-bg-color=\"\" data-bg-opacity=\"1\" data-animation=\"\" data-delay=\"0\" >\n\t\t<div class=\"vc_column-inner\" >\n\t\t<div class=\"wpb_wrapper\">\n\t\t\t\n<div class=\"wpb_text_column wpb_content_element  vc_custom_1787394759303\" >\n\t<div class=\"wpb_wrapper\">\n\t\t<p class=\"isSelectedEnd\">Cena sesji nie powinna by\u0107 oceniana wy\u0142\u0105cznie na podstawie liczby wykonanych zdj\u0119\u0107. Podczas jednej sesji fotograf mo\u017ce wykona\u0107 kilkadziesi\u0105t lub nawet kilkaset kadr\u00f3w, ale klient otrzymuje przede wszystkim wybrane, najlepsze fotografie.<\/p>\n<p class=\"isSelectedEnd\">Przyk\u0142adowy pakiet mo\u017ce obejmowa\u0107:<\/p>\n<ul data-spread=\"false\">\n<li>okre\u015blon\u0105 liczb\u0119 finalnych zdj\u0119\u0107,<\/li>\n<li>profesjonalny retusz,<\/li>\n<li>przygotowanie fotografii do internetu,<\/li>\n<li>zdj\u0119cia w wysokiej rozdzielczo\u015bci,<\/li>\n<li>mo\u017cliwo\u015b\u0107 dokupienia dodatkowych uj\u0119\u0107.<\/li>\n<\/ul>\n<p class=\"isSelectedEnd\">Warto zwr\u00f3ci\u0107 uwag\u0119 na to, co dok\u0142adnie zawiera oferta. Dodatkowe zdj\u0119cia mog\u0105 by\u0107 rozliczane osobno, np. wed\u0142ug stawki za ka\u017cde wybrane uj\u0119cie.<\/p>\n<p>Profesjonalny retusz r\u00f3wnie\u017c wymaga czasu. Mo\u017ce obejmowa\u0107 mi\u0119dzy innymi naturalne wyg\u0142adzenie sk\u00f3ry, usuni\u0119cie drobnych niedoskona\u0142o\u015bci, popraw\u0119 wygl\u0105du ubra\u0144 czy korekt\u0119 element\u00f3w znajduj\u0105cych si\u0119 w tle.<\/p>\n\t<\/div>\n<\/div>\n\n\n\n\n\t\t<\/div> \n\t<\/div>\n\t<\/div> \n<\/div><\/div>\n\t\t\t<\/div> \n\t\t<\/div>\n\t<\/div> \n<\/div><\/div>\n\t\t<div id=\"fws_6a9dad1713612\"  data-column-margin=\"default\" data-midnight=\"dark\"  class=\"wpb_row vc_row-fluid vc_row full-width-content vc_row-o-equal-height vc_row-flex vc_row-o-content-middle  reverse_columns_column_tablet reverse_columns_row_phone\"  style=\"padding-top: 0px; padding-bottom: 0px; \"><div class=\"row-bg-wrap\" data-bg-animation=\"none\" data-bg-animation-delay=\"\" data-bg-overlay=\"false\"><div class=\"inner-wrap row-bg-layer\" ><div class=\"row-bg viewport-desktop using-bg-color\"  style=\"background-color: #ffffff; \"><\/div><\/div><\/div><div class=\"row_col_wrap_12 col span_12 dark left\">\n\t<div style=\"margin-top: 90px; margin-bottom: 90px; z-index: 100; \" class=\"vc_col-sm-6 wpb_column column_container vc_column_container col no-extra-padding top_margin_phone_30px bottom_margin_phone_30px right_margin_phone_25px left_margin_tablet_25px left_margin_phone_25px inherit_tablet inherit_phone translate_x_tablet_0px translate_x_phone_0px \"  data-padding-pos=\"top-bottom\" data-has-bg-color=\"false\" data-bg-color=\"\" data-bg-opacity=\"1\" data-animation=\"\" data-delay=\"0\" >\n\t\t<div class=\"vc_column-inner\" style=\"transform:  translateX(30px);\">\n\t\t\t<div class=\"wpb_wrapper\">\n\t\t\t\t<div id=\"fws_6a9dad1713ad5\" data-midnight=\"\" data-column-margin=\"default\" class=\"wpb_row vc_row-fluid vc_row inner_row  min_width_desktop_120pct translate_x_15pct translate_x_tablet_0pct translate_x_phone_0pct min_width_tablet_0px\"  style=\"\"><div class=\"row-bg-wrap\"> <div class=\"row-bg\" ><\/div> <\/div><div class=\"row_col_wrap_12_inner col span_12  left\">\n\t<div style=\"\" class=\"vc_col-sm-12 wpb_column column_container vc_column_container col child_column padding-3-percent no-extra-padding_tablet no-extra-padding_phone \"  data-using-bg=\"true\" data-padding-pos=\"all\" data-has-bg-color=\"true\" data-bg-color=\"#FFFFFF\" data-bg-opacity=\"1\" data-animation=\"\" data-delay=\"0\" >\n\t\t<div class=\"vc_column-inner\" ><div class=\"column-bg-overlay-wrap column-bg-layer\" data-bg-animation=\"none\"><div class=\"column-bg-overlay\" style=\"opacity: 1; background-color: #FFFFFF;\"><\/div><\/div>\n\t\t<div class=\"wpb_wrapper\">\n\t\t\t<div class=\"nectar-highlighted-text font_size_7vh font_size_tablet_28px \" data-style=\"half_text\" data-exp=\"default\" data-using-custom-color=\"true\" data-animation-delay=\"false\" data-color=\"#ff6b30\" data-color-gradient=\"rgba(255,107,48,0.01)\" style=\"\"><h2>Licencja na wykorzystanie zdj\u0119\u0107<\/h2>\n<\/div>\n\t\t<\/div> \n\t<\/div>\n\t<\/div> \n<\/div><\/div><div id=\"fws_6a9dad1714167\" data-midnight=\"\" data-column-margin=\"default\" class=\"wpb_row vc_row-fluid vc_row inner_row\"  style=\"\"><div class=\"row-bg-wrap\"> <div class=\"row-bg\" ><\/div> <\/div><div class=\"row_col_wrap_12_inner col span_12  left\">\n\t<div style=\"margin-top: 40px; \" class=\"vc_col-sm-12 wpb_column column_container vc_column_container col child_column no-extra-padding top_margin_tablet_0px top_margin_phone_0px inherit_tablet inherit_phone \"   data-padding-pos=\"all\" data-has-bg-color=\"false\" data-bg-color=\"\" data-bg-opacity=\"1\" data-animation=\"\" data-delay=\"0\" >\n\t\t<div class=\"vc_column-inner\" >\n\t\t<div class=\"wpb_wrapper\">\n\t\t\t\n<div class=\"wpb_text_column wpb_content_element  vc_custom_1787394843685\" >\n\t<div class=\"wpb_wrapper\">\n\t\t<p class=\"isSelectedEnd\">W przypadku fotografii biznesowej istotn\u0105 kwesti\u0105 jest r\u00f3wnie\u017c spos\u00f3b p\u00f3\u017aniejszego wykorzystania zdj\u0119\u0107.<\/p>\n<p class=\"isSelectedEnd\">Zdj\u0119cia mog\u0105 pojawi\u0107 si\u0119 mi\u0119dzy innymi:<\/p>\n<ul data-spread=\"false\">\n<li>na stronie internetowej firmy,<\/li>\n<li>w mediach spo\u0142eczno\u015bciowych,<\/li>\n<li>w materia\u0142ach marketingowych,<\/li>\n<li>w prezentacjach firmowych,<\/li>\n<li>w publikacjach prasowych,<\/li>\n<li>w materia\u0142ach reklamowych.<\/li>\n<\/ul>\n<p class=\"isSelectedEnd\">Dlatego przed zam\u00f3wieniem sesji warto sprawdzi\u0107, jakie prawa do wykorzystania fotografii otrzymuje klient. <strong>Fotografia biznesowa cena<\/strong> mo\u017ce obejmowa\u0107 okre\u015blony zakres licencji, a&nbsp;rozszerzone wykorzystanie zdj\u0119\u0107 mo\u017ce wymaga\u0107 dodatkowych ustale\u0144.<\/p>\n<p>Transparentna oferta powinna jasno okre\u015bla\u0107 te zasady.<\/p>\n\t<\/div>\n<\/div>\n\n\n\n\n\t\t<\/div> \n\t<\/div>\n\t<\/div> \n<\/div><\/div>\n\t\t\t<\/div> \n\t\t<\/div>\n\t<\/div> \n\n\t<div style=\"\" class=\"vc_col-sm-6 wpb_column column_container vc_column_container col no-extra-padding inherit_tablet inherit_phone \" data-using-bg=\"true\" data-bg-cover=\"true\" data-padding-pos=\"all\" data-has-bg-color=\"false\" data-bg-color=\"\" data-bg-opacity=\"1\" data-animation=\"\" data-delay=\"0\" >\n\t\t<div class=\"vc_column-inner\" ><div class=\"column-image-bg-wrap column-bg-layer viewport-desktop\" data-bg-pos=\"center center\" data-bg-animation=\"zoom-out\" data-bg-overlay=\"false\"><div class=\"inner-wrap\"><div class=\"column-image-bg\" style=\" background-image: url('https:\/\/studiosalach.sbs\/wp-content\/uploads\/2025\/10\/fotografia_wizerunkowa_5.webp'); \"><\/div><\/div><\/div>\n\t\t\t<div class=\"wpb_wrapper\">\n\t\t\t\t<div class=\"divider-wrap height_tablet_600px height_phone_500px \" data-alignment=\"default\"><div style=\"height: 25px;\" class=\"divider\"><\/div><\/div>\n\t\t\t<\/div> \n\t\t<\/div>\n\t<\/div> \n<\/div><\/div>\n\t\t<div id=\"fws_6a9dad1714df5\"  data-column-margin=\"default\" data-midnight=\"dark\"  class=\"wpb_row vc_row-fluid vc_row full-width-content vc_row-o-equal-height vc_row-flex vc_row-o-content-middle  reverse_columns_column_phone\"  style=\"padding-top: 0px; padding-bottom: 0px; \"><div class=\"row-bg-wrap\" data-bg-animation=\"none\" data-bg-animation-delay=\"\" data-bg-overlay=\"false\"><div class=\"inner-wrap row-bg-layer\" ><div class=\"row-bg viewport-desktop using-bg-color\"  style=\"background-color: #ffffff; \"><\/div><\/div><\/div><div class=\"row_col_wrap_12 col span_12 dark left\">\n\t<div style=\"\" class=\"vc_col-sm-6 wpb_column column_container vc_column_container col no-extra-padding inherit_tablet inherit_phone \" data-using-bg=\"true\" data-bg-cover=\"true\" data-padding-pos=\"all\" data-has-bg-color=\"false\" data-bg-color=\"\" data-bg-opacity=\"1\" data-animation=\"\" data-delay=\"0\" >\n\t\t<div class=\"vc_column-inner\" ><div class=\"column-image-bg-wrap column-bg-layer viewport-desktop\" data-bg-pos=\"center center\" data-bg-animation=\"zoom-out\" data-bg-overlay=\"false\"><div class=\"inner-wrap\"><div class=\"column-image-bg\" style=\" background-image: url('https:\/\/studiosalach.sbs\/wp-content\/uploads\/2025\/10\/fotografia_wizerunkowa_11.webp'); \"><\/div><\/div><\/div>\n\t\t\t<div class=\"wpb_wrapper\">\n\t\t\t\t<div class=\"divider-wrap height_tablet_600px height_phone_500px \" data-alignment=\"default\"><div style=\"height: 25px;\" class=\"divider\"><\/div><\/div>\n\t\t\t<\/div> \n\t\t<\/div>\n\t<\/div> \n\n\t<div style=\"margin-top: 90px; margin-bottom: 90px; z-index: 100; \" class=\"vc_col-sm-6 wpb_column column_container vc_column_container col no-extra-padding top_margin_phone_30px bottom_margin_phone_30px right_margin_phone_25px left_margin_tablet_25px left_margin_phone_25px inherit_tablet inherit_phone translate_x_tablet_0px translate_x_phone_0px \"  data-padding-pos=\"top-bottom\" data-has-bg-color=\"false\" data-bg-color=\"\" data-bg-opacity=\"1\" data-animation=\"\" data-delay=\"0\" >\n\t\t<div class=\"vc_column-inner\" style=\"transform:  translateX(30px);\">\n\t\t\t<div class=\"wpb_wrapper\">\n\t\t\t\t<div id=\"fws_6a9dad1715796\" data-midnight=\"\" data-column-margin=\"default\" class=\"wpb_row vc_row-fluid vc_row inner_row  min_width_desktop_120pct translate_x_-35pct translate_x_tablet_0pct translate_x_phone_0pct min_width_tablet_0px\"  style=\"\"><div class=\"row-bg-wrap\"> <div class=\"row-bg\" ><\/div> <\/div><div class=\"row_col_wrap_12_inner col span_12  left\">\n\t<div style=\"\" class=\"vc_col-sm-12 wpb_column column_container vc_column_container col child_column padding-3-percent no-extra-padding_tablet no-extra-padding_phone \"  data-using-bg=\"true\" data-padding-pos=\"all\" data-has-bg-color=\"true\" data-bg-color=\"#FFFFFF\" data-bg-opacity=\"1\" data-animation=\"\" data-delay=\"0\" >\n\t\t<div class=\"vc_column-inner\" ><div class=\"column-bg-overlay-wrap column-bg-layer\" data-bg-animation=\"none\"><div class=\"column-bg-overlay\" style=\"opacity: 1; background-color: #FFFFFF;\"><\/div><\/div>\n\t\t<div class=\"wpb_wrapper\">\n\t\t\t<div class=\"nectar-highlighted-text font_size_7vh font_size_tablet_28px \" data-style=\"half_text\" data-exp=\"default\" data-using-custom-color=\"true\" data-animation-delay=\"false\" data-color=\"#ff6b30\" data-color-gradient=\"rgba(255,107,48,0.01)\" style=\"\"><h2>Do\u015bwiadczenie i przygotowanie fotografa<\/h2>\n<\/div>\n\t\t<\/div> \n\t<\/div>\n\t<\/div> \n<\/div><\/div><div id=\"fws_6a9dad1715dfc\" data-midnight=\"\" data-column-margin=\"default\" class=\"wpb_row vc_row-fluid vc_row inner_row\"  style=\"\"><div class=\"row-bg-wrap\"> <div class=\"row-bg\" ><\/div> <\/div><div class=\"row_col_wrap_12_inner col span_12  left\">\n\t<div style=\"margin-top: 40px; \" class=\"vc_col-sm-12 wpb_column column_container vc_column_container col child_column no-extra-padding top_margin_tablet_0px top_margin_phone_0px inherit_tablet inherit_phone \"   data-padding-pos=\"all\" data-has-bg-color=\"false\" data-bg-color=\"\" data-bg-opacity=\"1\" data-animation=\"\" data-delay=\"0\" >\n\t\t<div class=\"vc_column-inner\" >\n\t\t<div class=\"wpb_wrapper\">\n\t\t\t\n<div class=\"wpb_text_column wpb_content_element  vc_custom_1787395110455\" >\n\t<div class=\"wpb_wrapper\">\n\t\t<p class=\"isSelectedEnd\">Cena us\u0142ugi fotograficznej zale\u017cy r\u00f3wnie\u017c od do\u015bwiadczenia osoby wykonuj\u0105cej zdj\u0119cia.<\/p>\n<p class=\"isSelectedEnd\">Profesjonalny fotograf biznesowy nie ogranicza si\u0119 do naci\u015bni\u0119cia spustu migawki. Podczas sesji mo\u017ce pom\u00f3c w ustawieniu sylwetki, dobra\u0107 odpowiednie pozy, zwr\u00f3ci\u0107 uwag\u0119 na szczeg\u00f3\u0142y stylizacji i dopasowa\u0107 spos\u00f3b fotografowania do charakteru firmy lub stanowiska.<\/p>\n<p>Ma to szczeg\u00f3lne znaczenie dla os\u00f3b, kt\u00f3re nie maj\u0105 do\u015bwiadczenia przed aparatem. Dobre przygotowanie i prowadzenie podczas sesji pozwalaj\u0105 uzyska\u0107 naturalne, profesjonalne zdj\u0119cia bez konieczno\u015bci pozowania jak zawodowy model.<\/p>\n\t<\/div>\n<\/div>\n\n\n\n\n\t\t<\/div> \n\t<\/div>\n\t<\/div> \n<\/div><\/div>\n\t\t\t<\/div> \n\t\t<\/div>\n\t<\/div> \n<\/div><\/div>\n\t\t<div id=\"fws_6a9dad171658d\"  data-column-margin=\"default\" data-midnight=\"dark\"  class=\"wpb_row vc_row-fluid vc_row full-width-section\"  style=\"padding-top: 45px; padding-bottom: 45px; \"><div class=\"row-bg-wrap\" data-bg-animation=\"none\" data-bg-animation-delay=\"\" data-bg-overlay=\"false\"><div class=\"inner-wrap row-bg-layer\" ><div class=\"row-bg viewport-desktop\"  style=\"\"><\/div><\/div><\/div><div class=\"row_col_wrap_12 col span_12 dark left\">\n\t<div  class=\"vc_col-sm-12 wpb_column column_container vc_column_container col no-extra-padding inherit_tablet inherit_phone \"  data-padding-pos=\"all\" data-has-bg-color=\"false\" data-bg-color=\"\" data-bg-opacity=\"1\" data-animation=\"\" data-delay=\"0\" >\n\t\t<div class=\"vc_column-inner\" >\n\t\t\t<div class=\"wpb_wrapper\">\n\t\t\t\t<div class=\"nectar-highlighted-text font_size_7vh font_size_tablet_28px \" data-style=\"half_text\" data-exp=\"default\" data-using-custom-color=\"true\" data-animation-delay=\"false\" data-color=\"#ff6b30\" data-color-gradient=\"rgba(255,107,48,0.01)\" style=\"\"><h2><span class=\"notion-enable-hover\" data-token-index=\"0\">Ile to kosztuje w praktyce?<\/span><!-- notionvc: b0307dcb-f92d-4245-be9d-b9023b04d50c --><\/h2>\n<\/div><div class=\"nectar-responsive-text nectar-link-underline-effect\"><p class=\"isSelectedEnd\">Cena zale\u017cy od zakresu us\u0142ugi, ale profesjonalna indywidualna <strong>sesja biznesowa mo\u017ce zaczyna\u0107 si\u0119 od oko\u0142o 500 z\u0142<\/strong> za podstawowy pakiet obejmuj\u0105cy kilka gotowych uj\u0119\u0107 w studio.<\/p>\n<p class=\"isSelectedEnd\">Ko\u0144cowa cena mo\u017ce by\u0107 wy\u017csza, je\u015bli sesja obejmuje wi\u0119ksz\u0105 liczb\u0119 zdj\u0119\u0107, rozbudowany retusz, kilka stylizacji, dodatkowe osoby, realizacj\u0119 w siedzibie firmy lub szersz\u0105 licencj\u0119 na wykorzystanie fotografii.<\/p>\n<p>Dlatego przy por\u00f3wnywaniu ofert warto sprawdzi\u0107 nie tylko sam\u0105 kwot\u0119, ale przede wszystkim to, <strong>co dok\u0142adnie otrzymujesz w ramach pakietu<\/strong>.<\/p>\n<p class=\"isSelectedEnd\">Szukaj\u0105c informacji na temat tego, ile kosztuje <strong>sesja biznesowa<\/strong>, warto patrze\u0107 szerzej ni\u017c tylko na cen\u0119 podstawowego pakietu. Na koszt wp\u0142ywaj\u0105 przede wszystkim liczba os\u00f3b, czas pracy fotografa, miejsce realizacji, liczba zdj\u0119\u0107, zakres retuszu, prawa do wykorzystania fotografii oraz do\u015bwiadczenie fotografa.<\/p>\n<p class=\"isSelectedEnd\">Profesjonalna sesja biznesowa to inwestycja w wizerunek, kt\u00f3ry mo\u017ce by\u0107 wykorzystywany przez d\u0142ugi czas na stronie internetowej, w mediach spo\u0142eczno\u015bciowych i materia\u0142ach firmowych.<\/p>\n<p>Je\u017celi chcesz pozna\u0107 dok\u0142adn\u0105 <strong>cen\u0119 sesji biznesowej<\/strong> dopasowanej do swoich potrzeb lub potrzeb ca\u0142ego zespo\u0142u, <a href=\"https:\/\/studiosalach.sbs\/kontakt\/\">skontaktuj si\u0119 z nami.<\/a> Przygotujemy ofert\u0119 odpowiedni\u0105 do zakresu planowanej sesji.<\/p>\n<\/div>\n\t\t\t<\/div> \n\t\t<\/div>\n\t<\/div> \n<\/div><\/div>\n\t\t<div id=\"fws_6a9dad171730b\"  data-column-margin=\"default\" data-midnight=\"dark\"  class=\"wpb_row vc_row-fluid vc_row full-width-section  top_margin_150px\"  style=\"padding-top: 0px; padding-bottom: 0px; \"><div class=\"row-bg-wrap\" data-bg-animation=\"none\" data-bg-animation-delay=\"\" data-bg-overlay=\"false\"><div class=\"inner-wrap row-bg-layer\" ><div class=\"row-bg viewport-desktop using-bg-color\"  style=\"background-color: #D3DDE7; \"><\/div><\/div><\/div><div class=\"nectar-shape-divider-wrap \" style=\" height:50px;\"  data-height=\"50\" data-front=\"\" data-style=\"waves_opacity_alt\" data-position=\"top\" ><svg class=\"nectar-shape-divider\" aria-hidden=\"true\" fill=\"#FFFFFF\" xmlns=\"http:\/\/www.w3.org\/2000\/svg\" viewBox=\"0 0 1000 300\" preserveAspectRatio=\"none\">\n          <path d=\"M 1000 299 l 2 -279 c -155 -36 -310 135 -415 164 c -102.64 28.35 -149 -32 -232 -31 c -80 1 -142 53 -229 80 c -65.54 20.34 -101 15 -126 11.61 v 54.39 z\"><\/path> <path d=\"M 1000 286 l 2 -252 c -157 -43 -302 144 -405 178 c -101.11 33.38 -159 -47 -242 -46 c -80 1 -145.09 54.07 -229 87 c -65.21 25.59 -104.07 16.72 -126 10.61 v 22.39 z\"><\/path> <path d=\"M 1000 300 l 1 -230.29 c -217 -12.71 -300.47 129.15 -404 156.29 c -103 27 -174 -30 -257 -29 c -80 1 -130.09 37.07 -214 70 c -61.23 24 -108 15.61 -126 10.61 v 22.39 z\"><\/path>\n           <\/svg><\/div><div class=\"nectar-shape-divider-wrap \" style=\" height:50px;\"  data-height=\"50\" data-front=\"\" data-style=\"waves_opacity_alt\" data-position=\"bottom\" ><svg class=\"nectar-shape-divider\" aria-hidden=\"true\" fill=\"#FFFFFF\" xmlns=\"http:\/\/www.w3.org\/2000\/svg\" viewBox=\"0 0 1000 300\" preserveAspectRatio=\"none\">\n          <path d=\"M 1000 299 l 2 -279 c -155 -36 -310 135 -415 164 c -102.64 28.35 -149 -32 -232 -31 c -80 1 -142 53 -229 80 c -65.54 20.34 -101 15 -126 11.61 v 54.39 z\"><\/path> <path d=\"M 1000 286 l 2 -252 c -157 -43 -302 144 -405 178 c -101.11 33.38 -159 -47 -242 -46 c -80 1 -145.09 54.07 -229 87 c -65.21 25.59 -104.07 16.72 -126 10.61 v 22.39 z\"><\/path> <path d=\"M 1000 300 l 1 -230.29 c -217 -12.71 -300.47 129.15 -404 156.29 c -103 27 -174 -30 -257 -29 c -80 1 -130.09 37.07 -214 70 c -61.23 24 -108 15.61 -126 10.61 v 22.39 z\"><\/path>\n           <\/svg><\/div><div class=\"row_col_wrap_12 col span_12 dark left\">\n\t<div  class=\"vc_col-sm-12 wpb_column column_container vc_column_container col centered-text left_padding_desktop_6pct top_padding_desktop_6pct right_padding_desktop_6pct bottom_padding_desktop_6pct \"  data-border-radius=\"15px\" data-padding-pos=\"all\" data-has-bg-color=\"false\" data-bg-color=\"\" data-bg-opacity=\"1\" data-animation=\"\" data-delay=\"0\" >\n\t\t<div class=\"vc_column-inner\" >\n\t\t\t<div class=\"wpb_wrapper\">\n\t\t\t\t<div class=\"nectar-lottie-wrap width_desktop_50px alignment_center\"><div class=\"nectar-lottie\" data-lottie-settings=\"{&quot;trigger_type&quot;:&quot;play&quot;,&quot;mobile_func&quot;:&quot;default&quot;,&quot;loop&quot;:&quot;true&quot;,&quot;trigger_offset&quot;:&quot;0.00,100.00&quot;,&quot;frame_constraint&quot;:&quot;0.00,100.00&quot;,&quot;width_desktop&quot;:&quot;50&quot;,&quot;alignment&quot;:&quot;center&quot;,&quot;preserve_aspect_ratio&quot;:&quot;xMidYMid meet&quot;,&quot;json_url&quot;:&quot;https:\\\/\\\/assets1.lottiefiles.com\\\/packages\\\/lf20_UyIC2q.json&quot;,&quot;box_shadow_method&quot;:&quot;filter&quot;}\"><\/div><\/div><div id=\"fws_6a9dad1717a77\" data-midnight=\"\" data-column-margin=\"default\" class=\"wpb_row vc_row-fluid vc_row inner_row  right_padding_30pct left_padding_30pct right_padding_phone_13pct left_padding_phone_13pct\"  style=\"padding-top: 20px; \"><div class=\"row-bg-wrap\"> <div class=\"row-bg\" ><\/div> <\/div><div class=\"row_col_wrap_12_inner col span_12  left\">\n\t<div  class=\"vc_col-sm-12 wpb_column column_container vc_column_container col child_column no-extra-padding inherit_tablet inherit_phone \"   data-padding-pos=\"all\" data-has-bg-color=\"false\" data-bg-color=\"\" data-bg-opacity=\"1\" data-animation=\"\" data-delay=\"0\" >\n\t\t<div class=\"vc_column-inner\" >\n\t\t<div class=\"wpb_wrapper\">\n\t\t\t<div class=\"nectar-responsive-text font_size_min_20px font_size_max_60px font_size_desktop_3vw font_line_height_1-3 nectar-link-underline-effect\"><h3>Do\u0142\u0105cz do newslettera<\/h3>\n<\/div>\n\t\t<\/div> \n\t<\/div>\n\t<\/div> \n<\/div><\/div><div id=\"fws_6a9dad1718318\" data-midnight=\"\" data-column-margin=\"default\" class=\"wpb_row vc_row-fluid vc_row inner_row  right_padding_25pct left_padding_25pct right_padding_tablet_0px right_padding_phone_0px left_padding_tablet_0px left_padding_phone_0px\"  style=\"\"><div class=\"row-bg-wrap\"> <div class=\"row-bg\" ><\/div> <\/div><div class=\"row_col_wrap_12_inner col span_12  left\">\n\t<div  class=\"vc_col-sm-12 wpb_column column_container vc_column_container col child_column no-extra-padding inherit_tablet inherit_phone \"   data-padding-pos=\"all\" data-has-bg-color=\"false\" data-bg-color=\"\" data-bg-opacity=\"1\" data-animation=\"\" data-delay=\"0\" >\n\t\t<div class=\"vc_column-inner\" >\n\t\t<div class=\"wpb_wrapper\">\n\t\t\t\n\t<div class=\"wpb_raw_code wpb_raw_html wpb_content_element\" >\n\t\t<div class=\"wpb_wrapper\">\n\t\t\t  \n  \n  <div class=\"\n    mailpoet_form_popup_overlay\n      \"><\/div>\n  <div\n    id=\"mailpoet_form_1\"\n    class=\"\n      mailpoet_form\n      mailpoet_form_shortcode\n      mailpoet_form_position_\n      mailpoet_form_animation_\n    \"\n      >\n\n    <style type=\"text\/css\">\n     #mailpoet_form_1 .mailpoet_form {  }\n#mailpoet_form_1 .mailpoet_column_with_background { padding: 10px; }\n#mailpoet_form_1 .mailpoet_form_column:not(:first-child) { margin-left: 20px; }\n#mailpoet_form_1 .mailpoet_paragraph { line-height: 20px; margin-bottom: 20px; }\n#mailpoet_form_1 .mailpoet_segment_label, #mailpoet_form_1 .mailpoet_text_label, #mailpoet_form_1 .mailpoet_textarea_label, #mailpoet_form_1 .mailpoet_select_label, #mailpoet_form_1 .mailpoet_radio_label, #mailpoet_form_1 .mailpoet_checkbox_label, #mailpoet_form_1 .mailpoet_list_label, #mailpoet_form_1 .mailpoet_date_label { display: block; font-weight: normal; }\n#mailpoet_form_1 .mailpoet_text, #mailpoet_form_1 .mailpoet_textarea, #mailpoet_form_1 .mailpoet_select, #mailpoet_form_1 .mailpoet_date_month, #mailpoet_form_1 .mailpoet_date_day, #mailpoet_form_1 .mailpoet_date_year, #mailpoet_form_1 .mailpoet_date { display: block; }\n#mailpoet_form_1 .mailpoet_text, #mailpoet_form_1 .mailpoet_textarea { width: 200px; }\n#mailpoet_form_1 .mailpoet_checkbox {  }\n#mailpoet_form_1 .mailpoet_submit {  }\n#mailpoet_form_1 .mailpoet_divider {  }\n#mailpoet_form_1 .mailpoet_message {  }\n#mailpoet_form_1 .mailpoet_form_loading { width: 30px; text-align: center; line-height: normal; }\n#mailpoet_form_1 .mailpoet_form_loading > span { width: 5px; height: 5px; background-color: #5b5b5b; }#mailpoet_form_1{border-radius: 0px;text-align: left;}#mailpoet_form_1 form.mailpoet_form {padding: 20px;}#mailpoet_form_1{width: 100%;}#mailpoet_form_1 .mailpoet_message {margin: 0; padding: 0 20px;}#mailpoet_form_1 .mailpoet_paragraph.last {margin-bottom: 0} @media (max-width: 500px) {#mailpoet_form_1 {background-image: none;}} @media (min-width: 500px) {#mailpoet_form_1 .last .mailpoet_paragraph:last-child {margin-bottom: 0}}  @media (max-width: 500px) {#mailpoet_form_1 .mailpoet_form_column:last-child .mailpoet_paragraph:last-child {margin-bottom: 0}} \n    <\/style>\n\n    <form\n      target=\"_self\"\n      method=\"post\"\n      action=\"https:\/\/studiosalach.sbs\/wp-admin\/admin-post.php?action=mailpoet_subscription_form\"\n      class=\"mailpoet_form mailpoet_form_form mailpoet_form_shortcode\"\n      novalidate\n      data-delay=\"\"\n      data-exit-intent-enabled=\"\"\n      data-font-family=\"\"\n      data-cookie-expiration-time=\"\"\n    >\n      <input type=\"hidden\" name=\"data[form_id]\" value=\"1\" \/>\n      <input type=\"hidden\" name=\"token\" value=\"da9159ee9c\" \/>\n      <input type=\"hidden\" name=\"api_version\" value=\"v1\" \/>\n      <input type=\"hidden\" name=\"endpoint\" value=\"subscribers\" \/>\n      <input type=\"hidden\" name=\"mailpoet_method\" value=\"subscribe\" \/>\n\n      <label class=\"mailpoet_hp_email_label\" style=\"display: none !important;\">Please leave this field empty<input type=\"email\" name=\"data[email]\"\/><\/label><p class=\"mailpoet_form_paragraph \" style=\"text-align: left\">Zapisz si\u0119 do newslettera<\/p>\n<div class=\"mailpoet_paragraph \"><input type=\"email\" autocomplete=\"email\" class=\"mailpoet_text\" id=\"form_email_1\" name=\"data[form_field_MTFlOTdjZjQwYTI4X2VtYWls]\" title=\"Adres email\" value=\"\" style=\"width:100%;box-sizing:border-box;padding:5px;margin: 0 auto 0 0;\" data-automation-id=\"form_email\"  placeholder=\"Adres email *\" aria-label=\"Adres email *\" data-parsley-errors-container=\".mailpoet_error_b4lih\" data-parsley-required=\"true\" required aria-required=\"true\" data-parsley-minlength=\"6\" data-parsley-maxlength=\"150\" data-parsley-type-message=\"This value should be a valid email.\" data-parsley-required-message=\"This field is required.\"\/><span class=\"mailpoet_error_b4lih\"><\/span><\/div>\n<div class=\"mailpoet_paragraph \" ><p style=\"text-align: left;font-size: 10px;line-height: 10px\"><br \/>\nZapisuj\u0105c si\u0119 do newslettera, wyra\u017casz zgod\u0119 na przetwarzanie danych osobowych w celach marketingowych zgodnie z\u00a0<a href=\"https:\/\/studiosalach.sbs\/polityka-prywatnosci\/\" target=\"_blank\" rel=\"noopener\">polityk\u0105 prywatno\u015bci<\/a>.<br \/>\n<\/p><\/div>\n<div class=\"mailpoet_paragraph \"><input type=\"submit\" class=\"mailpoet_submit\" value=\"Zapisz si\u0119!\" data-automation-id=\"subscribe-submit-button\" style=\"width:100%;box-sizing:border-box;padding:5px;margin: 0 auto 0 0;border-color:transparent;\" \/><span class=\"mailpoet_form_loading\"><span class=\"mailpoet_bounce1\"><\/span><span class=\"mailpoet_bounce2\"><\/span><span class=\"mailpoet_bounce3\"><\/span><\/span><\/div>\n\n      <div class=\"mailpoet_message\">\n        <p class=\"mailpoet_validate_success\"\n                style=\"display:none;\"\n                >Zosta\u0142e\u015b pomy\u015blnie zapisana\/y do naszego newslettera!\n        <\/p>\n        <p class=\"mailpoet_validate_error\"\n                style=\"display:none;\"\n                >        <\/p>\n      <\/div>\n    <\/form>\n\n      <\/div>\n\n  \n\t\t<\/div>\n\t<\/div>\n\n\t\t<\/div> \n\t<\/div>\n\t<\/div> \n<\/div><\/div><div id=\"fws_6a9dad171c7df\" data-midnight=\"\" data-column-margin=\"default\" class=\"wpb_row vc_row-fluid vc_row inner_row\"  style=\"\"><div class=\"row-bg-wrap\"> <div class=\"row-bg\" ><\/div> <\/div><div class=\"row_col_wrap_12_inner col span_12  left\">\n\t<div  class=\"vc_col-sm-12 wpb_column column_container vc_column_container col child_column centered-text no-extra-padding el_spacing_10px inherit_tablet inherit_phone \"   data-padding-pos=\"all\" data-has-bg-color=\"false\" data-bg-color=\"\" data-bg-opacity=\"1\" data-animation=\"\" data-delay=\"0\" >\n\t\t<div class=\"vc_column-inner\" >\n\t\t<div class=\"wpb_wrapper\">\n\t\t\t<div class=\"nectar-circle-images nectar-circle-images--position_overlapping size_50px alignment_middle_desktop border_color_f7f7f7\" ><div class=\"nectar-circle-images__inner\"><div class=\"nectar-circle-images__image nectar-circle-images__item\" style=\"z-index: 100;\" data-nectar-img-src=\"https:\/\/themenectar.com\/img\/demo-media\/unsplash\/webp\/ff1dfc85f81f.webp\"><\/div><div class=\"nectar-circle-images__image nectar-circle-images__item\" style=\"z-index: 99;\" data-nectar-img-src=\"https:\/\/themenectar.com\/img\/demo-media\/unsplash\/webp\/fc2fcf082f87.webp\"><\/div><div class=\"nectar-circle-images__image nectar-circle-images__item\" style=\"z-index: 98;\" data-nectar-img-src=\"https:\/\/themenectar.com\/img\/demo-media\/unsplash\/webp\/c5799533a786.webp\"><\/div><div class=\"nectar-circle-images__image nectar-circle-images__item nectar-circle-images--text nectar-inherit-h5\" style=\"background-color: #000000; color: #ffffff;\"><span>+1k<\/span><\/div><\/div><div class=\"nectar-circle-images__text nectar-circle-images__item\">Do\u0142\u0105cz do naszych klient\u00f3w<\/div><\/div>\n\t\t<\/div> \n\t<\/div>\n\t<\/div> \n<\/div><\/div>\n\t\t\t<\/div> \n\t\t<\/div>\n\t<\/div> \n<\/div><\/div>\n","protected":false},"excerpt":{"rendered":"Planujesz od\u015bwie\u017cenie swojego wizerunku zawodowego albo szukasz fotografa dla swojego zespo\u0142u? Zastanawiasz si\u0119, ile kosztuje profesjonalna sesja zdj\u0119ciowa?...","protected":false},"author":1,"featured_media":2721,"comment_status":"closed","ping_status":"open","sticky":false,"template":"","format":"standard","meta":{"footnotes":""},"categories":[30],"tags":[],"class_list":["post-2767","post","type-post","status-publish","format-standard","has-post-thumbnail","category-nowosci"],"yoast_head":"<!-- This site is optimized with the Yoast SEO plugin v28.4 - https:\/\/yoast.com\/product\/yoast-seo-wordpress\/ -->\n<title>Sesja biznesowa - cena, koszt i od czego zale\u017cy?<\/title>\n<meta name=\"description\" content=\"Sesja biznesowa - sprawd\u017a, ile kosztuje fotografia biznesowa i sesja wizerunkowa. Poznaj czynniki wp\u0142ywaj\u0105ce na cen\u0119 profesjonalnej sesji.\" \/>\n<meta name=\"robots\" content=\"index, follow, max-snippet:-1, max-image-preview:large, max-video-preview:-1\" \/>\n<link rel=\"canonical\" href=\"https:\/\/studiosalach.sbs\/en\/sesja-biznesowa-cena-ile-kosztuje-i-od-czego-zalezy-koszt\/\" \/>\n<meta property=\"og:locale\" content=\"en_US\" \/>\n<meta property=\"og:type\" content=\"article\" \/>\n<meta property=\"og:title\" content=\"Sesja biznesowa - cena, koszt i od czego zale\u017cy?\" \/>\n<meta property=\"og:description\" content=\"Sesja biznesowa - sprawd\u017a, ile kosztuje fotografia biznesowa i sesja wizerunkowa. Poznaj czynniki wp\u0142ywaj\u0105ce na cen\u0119 profesjonalnej sesji.\" \/>\n<meta property=\"og:url\" content=\"https:\/\/studiosalach.sbs\/en\/sesja-biznesowa-cena-ile-kosztuje-i-od-czego-zalezy-koszt\/\" \/>\n<meta property=\"og:site_name\" content=\"Studio Salach\" \/>\n<meta property=\"article:publisher\" content=\"https:\/\/www.facebook.com\/studiosalach\/\" \/>\n<meta property=\"article:published_time\" content=\"2026-08-22T10:40:58+00:00\" \/>\n<meta property=\"article:modified_time\" content=\"2026-08-22T10:42:59+00:00\" \/>\n<meta property=\"og:image\" content=\"https:\/\/studiosalach.sbs\/wp-content\/uploads\/2026\/05\/studiosalach_sesja_biznesowa_1-scaled.webp\" \/>\n\t<meta property=\"og:image:width\" content=\"1920\" \/>\n\t<meta property=\"og:image:height\" content=\"2560\" \/>\n\t<meta property=\"og:image:type\" content=\"image\/webp\" \/>\n<meta name=\"author\" content=\"admin\" \/>\n<meta name=\"twitter:card\" content=\"summary_large_image\" \/>\n<script type=\"application\/ld+json\" class=\"yoast-schema-graph\">{\"@context\":\"https:\\\/\\\/schema.org\",\"@graph\":[{\"@type\":\"Article\",\"@id\":\"https:\\\/\\\/studiosalach.sbs\\\/sesja-biznesowa-cena-ile-kosztuje-i-od-czego-zalezy-koszt\\\/#article\",\"isPartOf\":{\"@id\":\"https:\\\/\\\/studiosalach.sbs\\\/sesja-biznesowa-cena-ile-kosztuje-i-od-czego-zalezy-koszt\\\/\"},\"author\":{\"name\":\"admin\",\"@id\":\"https:\\\/\\\/studiosalach.sbs\\\/#\\\/schema\\\/person\\\/54877d7edf091cd755a4e6debada6352\"},\"headline\":\"Sesja biznesowa cena &#8211; ile kosztuje i od czego zale\u017cy koszt?\",\"datePublished\":\"2026-08-22T10:40:58+00:00\",\"dateModified\":\"2026-08-22T10:42:59+00:00\",\"mainEntityOfPage\":{\"@id\":\"https:\\\/\\\/studiosalach.sbs\\\/sesja-biznesowa-cena-ile-kosztuje-i-od-czego-zalezy-koszt\\\/\"},\"wordCount\":6685,\"publisher\":{\"@id\":\"https:\\\/\\\/studiosalach.sbs\\\/#organization\"},\"image\":{\"@id\":\"https:\\\/\\\/studiosalach.sbs\\\/sesja-biznesowa-cena-ile-kosztuje-i-od-czego-zalezy-koszt\\\/#primaryimage\"},\"thumbnailUrl\":\"https:\\\/\\\/studiosalach.sbs\\\/wp-content\\\/uploads\\\/2026\\\/05\\\/studiosalach_sesja_biznesowa_1-scaled.webp\",\"articleSection\":[\"nowo\u015bci\"],\"inLanguage\":\"en-US\"},{\"@type\":\"WebPage\",\"@id\":\"https:\\\/\\\/studiosalach.sbs\\\/sesja-biznesowa-cena-ile-kosztuje-i-od-czego-zalezy-koszt\\\/\",\"url\":\"https:\\\/\\\/studiosalach.sbs\\\/sesja-biznesowa-cena-ile-kosztuje-i-od-czego-zalezy-koszt\\\/\",\"name\":\"Sesja biznesowa - cena, koszt i od czego zale\u017cy?\",\"isPartOf\":{\"@id\":\"https:\\\/\\\/studiosalach.sbs\\\/#website\"},\"primaryImageOfPage\":{\"@id\":\"https:\\\/\\\/studiosalach.sbs\\\/sesja-biznesowa-cena-ile-kosztuje-i-od-czego-zalezy-koszt\\\/#primaryimage\"},\"image\":{\"@id\":\"https:\\\/\\\/studiosalach.sbs\\\/sesja-biznesowa-cena-ile-kosztuje-i-od-czego-zalezy-koszt\\\/#primaryimage\"},\"thumbnailUrl\":\"https:\\\/\\\/studiosalach.sbs\\\/wp-content\\\/uploads\\\/2026\\\/05\\\/studiosalach_sesja_biznesowa_1-scaled.webp\",\"datePublished\":\"2026-08-22T10:40:58+00:00\",\"dateModified\":\"2026-08-22T10:42:59+00:00\",\"description\":\"Sesja biznesowa - sprawd\u017a, ile kosztuje fotografia biznesowa i sesja wizerunkowa. Poznaj czynniki wp\u0142ywaj\u0105ce na cen\u0119 profesjonalnej sesji.\",\"breadcrumb\":{\"@id\":\"https:\\\/\\\/studiosalach.sbs\\\/sesja-biznesowa-cena-ile-kosztuje-i-od-czego-zalezy-koszt\\\/#breadcrumb\"},\"inLanguage\":\"en-US\",\"potentialAction\":[{\"@type\":\"ReadAction\",\"target\":[\"https:\\\/\\\/studiosalach.sbs\\\/sesja-biznesowa-cena-ile-kosztuje-i-od-czego-zalezy-koszt\\\/\"]}]},{\"@type\":\"ImageObject\",\"inLanguage\":\"en-US\",\"@id\":\"https:\\\/\\\/studiosalach.sbs\\\/sesja-biznesowa-cena-ile-kosztuje-i-od-czego-zalezy-koszt\\\/#primaryimage\",\"url\":\"https:\\\/\\\/studiosalach.sbs\\\/wp-content\\\/uploads\\\/2026\\\/05\\\/studiosalach_sesja_biznesowa_1-scaled.webp\",\"contentUrl\":\"https:\\\/\\\/studiosalach.sbs\\\/wp-content\\\/uploads\\\/2026\\\/05\\\/studiosalach_sesja_biznesowa_1-scaled.webp\",\"width\":1920,\"height\":2560},{\"@type\":\"BreadcrumbList\",\"@id\":\"https:\\\/\\\/studiosalach.sbs\\\/sesja-biznesowa-cena-ile-kosztuje-i-od-czego-zalezy-koszt\\\/#breadcrumb\",\"itemListElement\":[{\"@type\":\"ListItem\",\"position\":1,\"name\":\"Strona g\u0142\u00f3wna\",\"item\":\"https:\\\/\\\/studiosalach.sbs\\\/\"},{\"@type\":\"ListItem\",\"position\":2,\"name\":\"Sesja biznesowa cena &#8211; ile kosztuje i od czego zale\u017cy koszt?\"}]},{\"@type\":\"WebSite\",\"@id\":\"https:\\\/\\\/studiosalach.sbs\\\/#website\",\"url\":\"https:\\\/\\\/studiosalach.sbs\\\/\",\"name\":\"Studio salach\",\"description\":\"Fotograf Jaworzno \\\/ Zdj\u0119cia i Filmy\",\"publisher\":{\"@id\":\"https:\\\/\\\/studiosalach.sbs\\\/#organization\"},\"alternateName\":\"salach studio\",\"potentialAction\":[{\"@type\":\"SearchAction\",\"target\":{\"@type\":\"EntryPoint\",\"urlTemplate\":\"https:\\\/\\\/studiosalach.sbs\\\/?s={search_term_string}\"},\"query-input\":{\"@type\":\"PropertyValueSpecification\",\"valueRequired\":true,\"valueName\":\"search_term_string\"}}],\"inLanguage\":\"en-US\"},{\"@type\":\"Organization\",\"@id\":\"https:\\\/\\\/studiosalach.sbs\\\/#organization\",\"name\":\"STUDIO SALACH SP\u00d3\u0141KA Z OGRANICZON\u0104 ODPOWIEDZIALNO\u015aCI\u0104\",\"alternateName\":\"salach studio\",\"url\":\"https:\\\/\\\/studiosalach.sbs\\\/\",\"logo\":{\"@type\":\"ImageObject\",\"inLanguage\":\"en-US\",\"@id\":\"https:\\\/\\\/studiosalach.sbs\\\/#\\\/schema\\\/logo\\\/image\\\/\",\"url\":\"https:\\\/\\\/studiosalach.sbs\\\/wp-content\\\/uploads\\\/2025\\\/10\\\/studio_salach_logo-1.webp\",\"contentUrl\":\"https:\\\/\\\/studiosalach.sbs\\\/wp-content\\\/uploads\\\/2025\\\/10\\\/studio_salach_logo-1.webp\",\"width\":2560,\"height\":1019,\"caption\":\"STUDIO SALACH SP\u00d3\u0141KA Z OGRANICZON\u0104 ODPOWIEDZIALNO\u015aCI\u0104\"},\"image\":{\"@id\":\"https:\\\/\\\/studiosalach.sbs\\\/#\\\/schema\\\/logo\\\/image\\\/\"},\"sameAs\":[\"https:\\\/\\\/www.facebook.com\\\/studiosalach\\\/\",\"https:\\\/\\\/www.youtube.com\\\/@StudioSalach\",\"https:\\\/\\\/www.instagram.com\\\/studio.salach\\\/\"]},{\"@type\":\"Person\",\"@id\":\"https:\\\/\\\/studiosalach.sbs\\\/#\\\/schema\\\/person\\\/54877d7edf091cd755a4e6debada6352\",\"name\":\"admin\",\"image\":{\"@type\":\"ImageObject\",\"inLanguage\":\"en-US\",\"@id\":\"https:\\\/\\\/secure.gravatar.com\\\/avatar\\\/05a80e0012ac9cb4ffe291eeb97b65ce2d716d61b0fccb3ac9ccadd813797d7c?s=96&d=mm&r=g\",\"url\":\"https:\\\/\\\/secure.gravatar.com\\\/avatar\\\/05a80e0012ac9cb4ffe291eeb97b65ce2d716d61b0fccb3ac9ccadd813797d7c?s=96&d=mm&r=g\",\"contentUrl\":\"https:\\\/\\\/secure.gravatar.com\\\/avatar\\\/05a80e0012ac9cb4ffe291eeb97b65ce2d716d61b0fccb3ac9ccadd813797d7c?s=96&d=mm&r=g\",\"caption\":\"admin\"},\"sameAs\":[\"https:\\\/\\\/studiosalach.sbs\"],\"url\":\"https:\\\/\\\/studiosalach.sbs\\\/en\\\/author\\\/admin\\\/\"}]}<\/script>\n<!-- \/ Yoast SEO plugin. -->","yoast_head_json":{"title":"Sesja biznesowa - cena, koszt i od czego zale\u017cy?","description":"Sesja biznesowa - sprawd\u017a, ile kosztuje fotografia biznesowa i sesja wizerunkowa. Poznaj czynniki wp\u0142ywaj\u0105ce na cen\u0119 profesjonalnej sesji.","robots":{"index":"index","follow":"follow","max-snippet":"max-snippet:-1","max-image-preview":"max-image-preview:large","max-video-preview":"max-video-preview:-1"},"canonical":"https:\/\/studiosalach.sbs\/en\/sesja-biznesowa-cena-ile-kosztuje-i-od-czego-zalezy-koszt\/","og_locale":"en_US","og_type":"article","og_title":"Sesja biznesowa - cena, koszt i od czego zale\u017cy?","og_description":"Sesja biznesowa - sprawd\u017a, ile kosztuje fotografia biznesowa i sesja wizerunkowa. Poznaj czynniki wp\u0142ywaj\u0105ce na cen\u0119 profesjonalnej sesji.","og_url":"https:\/\/studiosalach.sbs\/en\/sesja-biznesowa-cena-ile-kosztuje-i-od-czego-zalezy-koszt\/","og_site_name":"Studio Salach","article_publisher":"https:\/\/www.facebook.com\/studiosalach\/","article_published_time":"2026-08-22T10:40:58+00:00","article_modified_time":"2026-08-22T10:42:59+00:00","og_image":[{"width":1920,"height":2560,"url":"https:\/\/studiosalach.sbs\/wp-content\/uploads\/2026\/05\/studiosalach_sesja_biznesowa_1-scaled.webp","type":"image\/webp"}],"author":"admin","twitter_card":"summary_large_image","schema":{"@context":"https:\/\/schema.org","@graph":[{"@type":"Article","@id":"https:\/\/studiosalach.sbs\/sesja-biznesowa-cena-ile-kosztuje-i-od-czego-zalezy-koszt\/#article","isPartOf":{"@id":"https:\/\/studiosalach.sbs\/sesja-biznesowa-cena-ile-kosztuje-i-od-czego-zalezy-koszt\/"},"author":{"name":"admin","@id":"https:\/\/studiosalach.sbs\/#\/schema\/person\/54877d7edf091cd755a4e6debada6352"},"headline":"Sesja biznesowa cena &#8211; ile kosztuje i od czego zale\u017cy koszt?","datePublished":"2026-08-22T10:40:58+00:00","dateModified":"2026-08-22T10:42:59+00:00","mainEntityOfPage":{"@id":"https:\/\/studiosalach.sbs\/sesja-biznesowa-cena-ile-kosztuje-i-od-czego-zalezy-koszt\/"},"wordCount":6685,"publisher":{"@id":"https:\/\/studiosalach.sbs\/#organization"},"image":{"@id":"https:\/\/studiosalach.sbs\/sesja-biznesowa-cena-ile-kosztuje-i-od-czego-zalezy-koszt\/#primaryimage"},"thumbnailUrl":"https:\/\/studiosalach.sbs\/wp-content\/uploads\/2026\/05\/studiosalach_sesja_biznesowa_1-scaled.webp","articleSection":["nowo\u015bci"],"inLanguage":"en-US"},{"@type":"WebPage","@id":"https:\/\/studiosalach.sbs\/sesja-biznesowa-cena-ile-kosztuje-i-od-czego-zalezy-koszt\/","url":"https:\/\/studiosalach.sbs\/sesja-biznesowa-cena-ile-kosztuje-i-od-czego-zalezy-koszt\/","name":"Sesja biznesowa - cena, koszt i od czego zale\u017cy?","isPartOf":{"@id":"https:\/\/studiosalach.sbs\/#website"},"primaryImageOfPage":{"@id":"https:\/\/studiosalach.sbs\/sesja-biznesowa-cena-ile-kosztuje-i-od-czego-zalezy-koszt\/#primaryimage"},"image":{"@id":"https:\/\/studiosalach.sbs\/sesja-biznesowa-cena-ile-kosztuje-i-od-czego-zalezy-koszt\/#primaryimage"},"thumbnailUrl":"https:\/\/studiosalach.sbs\/wp-content\/uploads\/2026\/05\/studiosalach_sesja_biznesowa_1-scaled.webp","datePublished":"2026-08-22T10:40:58+00:00","dateModified":"2026-08-22T10:42:59+00:00","description":"Sesja biznesowa - sprawd\u017a, ile kosztuje fotografia biznesowa i sesja wizerunkowa. Poznaj czynniki wp\u0142ywaj\u0105ce na cen\u0119 profesjonalnej sesji.","breadcrumb":{"@id":"https:\/\/studiosalach.sbs\/sesja-biznesowa-cena-ile-kosztuje-i-od-czego-zalezy-koszt\/#breadcrumb"},"inLanguage":"en-US","potentialAction":[{"@type":"ReadAction","target":["https:\/\/studiosalach.sbs\/sesja-biznesowa-cena-ile-kosztuje-i-od-czego-zalezy-koszt\/"]}]},{"@type":"ImageObject","inLanguage":"en-US","@id":"https:\/\/studiosalach.sbs\/sesja-biznesowa-cena-ile-kosztuje-i-od-czego-zalezy-koszt\/#primaryimage","url":"https:\/\/studiosalach.sbs\/wp-content\/uploads\/2026\/05\/studiosalach_sesja_biznesowa_1-scaled.webp","contentUrl":"https:\/\/studiosalach.sbs\/wp-content\/uploads\/2026\/05\/studiosalach_sesja_biznesowa_1-scaled.webp","width":1920,"height":2560},{"@type":"BreadcrumbList","@id":"https:\/\/studiosalach.sbs\/sesja-biznesowa-cena-ile-kosztuje-i-od-czego-zalezy-koszt\/#breadcrumb","itemListElement":[{"@type":"ListItem","position":1,"name":"Strona g\u0142\u00f3wna","item":"https:\/\/studiosalach.sbs\/"},{"@type":"ListItem","position":2,"name":"Sesja biznesowa cena &#8211; ile kosztuje i od czego zale\u017cy koszt?"}]},{"@type":"WebSite","@id":"https:\/\/studiosalach.sbs\/#website","url":"https:\/\/studiosalach.sbs\/","name":"Studio salach","description":"Fotograf Jaworzno \/ Zdj\u0119cia i Filmy","publisher":{"@id":"https:\/\/studiosalach.sbs\/#organization"},"alternateName":"salach studio","potentialAction":[{"@type":"SearchAction","target":{"@type":"EntryPoint","urlTemplate":"https:\/\/studiosalach.sbs\/?s={search_term_string}"},"query-input":{"@type":"PropertyValueSpecification","valueRequired":true,"valueName":"search_term_string"}}],"inLanguage":"en-US"},{"@type":"Organization","@id":"https:\/\/studiosalach.sbs\/#organization","name":"STUDIO SALACH SP\u00d3\u0141KA Z OGRANICZON\u0104 ODPOWIEDZIALNO\u015aCI\u0104","alternateName":"salach studio","url":"https:\/\/studiosalach.sbs\/","logo":{"@type":"ImageObject","inLanguage":"en-US","@id":"https:\/\/studiosalach.sbs\/#\/schema\/logo\/image\/","url":"https:\/\/studiosalach.sbs\/wp-content\/uploads\/2025\/10\/studio_salach_logo-1.webp","contentUrl":"https:\/\/studiosalach.sbs\/wp-content\/uploads\/2025\/10\/studio_salach_logo-1.webp","width":2560,"height":1019,"caption":"STUDIO SALACH SP\u00d3\u0141KA Z OGRANICZON\u0104 ODPOWIEDZIALNO\u015aCI\u0104"},"image":{"@id":"https:\/\/studiosalach.sbs\/#\/schema\/logo\/image\/"},"sameAs":["https:\/\/www.facebook.com\/studiosalach\/","https:\/\/www.youtube.com\/@StudioSalach","https:\/\/www.instagram.com\/studio.salach\/"]},{"@type":"Person","@id":"https:\/\/studiosalach.sbs\/#\/schema\/person\/54877d7edf091cd755a4e6debada6352","name":"admin","image":{"@type":"ImageObject","inLanguage":"en-US","@id":"https:\/\/secure.gravatar.com\/avatar\/05a80e0012ac9cb4ffe291eeb97b65ce2d716d61b0fccb3ac9ccadd813797d7c?s=96&d=mm&r=g","url":"https:\/\/secure.gravatar.com\/avatar\/05a80e0012ac9cb4ffe291eeb97b65ce2d716d61b0fccb3ac9ccadd813797d7c?s=96&d=mm&r=g","contentUrl":"https:\/\/secure.gravatar.com\/avatar\/05a80e0012ac9cb4ffe291eeb97b65ce2d716d61b0fccb3ac9ccadd813797d7c?s=96&d=mm&r=g","caption":"admin"},"sameAs":["https:\/\/studiosalach.sbs"],"url":"https:\/\/studiosalach.sbs\/en\/author\/admin\/"}]}},"_links":{"self":[{"href":"https:\/\/studiosalach.sbs\/en\/wp-json\/wp\/v2\/posts\/2767","targetHints":{"allow":["GET"]}}],"collection":[{"href":"https:\/\/studiosalach.sbs\/en\/wp-json\/wp\/v2\/posts"}],"about":[{"href":"https:\/\/studiosalach.sbs\/en\/wp-json\/wp\/v2\/types\/post"}],"author":[{"embeddable":true,"href":"https:\/\/studiosalach.sbs\/en\/wp-json\/wp\/v2\/users\/1"}],"replies":[{"embeddable":true,"href":"https:\/\/studiosalach.sbs\/en\/wp-json\/wp\/v2\/comments?post=2767"}],"version-history":[{"count":5,"href":"https:\/\/studiosalach.sbs\/en\/wp-json\/wp\/v2\/posts\/2767\/revisions"}],"predecessor-version":[{"id":2775,"href":"https:\/\/studiosalach.sbs\/en\/wp-json\/wp\/v2\/posts\/2767\/revisions\/2775"}],"wp:featuredmedia":[{"embeddable":true,"href":"https:\/\/studiosalach.sbs\/en\/wp-json\/wp\/v2\/media\/2721"}],"wp:attachment":[{"href":"https:\/\/studiosalach.sbs\/en\/wp-json\/wp\/v2\/media?parent=2767"}],"wp:term":[{"taxonomy":"category","embeddable":true,"href":"https:\/\/studiosalach.sbs\/en\/wp-json\/wp\/v2\/categories?post=2767"},{"taxonomy":"post_tag","embeddable":true,"href":"https:\/\/studiosalach.sbs\/en\/wp-json\/wp\/v2\/tags?post=2767"}],"curies":[{"name":"wp","href":"https:\/\/api.w.org\/{rel}","templated":true}]}}